{"id":251876,"date":"2025-01-14T10:00:15","date_gmt":"2025-01-14T08:00:15","guid":{"rendered":"https:\/\/ctactiva.es\/noticias-_-planon-lidera-a-evolucao-da-gestao-inteligente-e-sustentavel-de-edificios\/"},"modified":"2025-04-11T10:34:07","modified_gmt":"2025-04-11T08:34:07","slug":"noticias-_-planon-lidera-a-evolucao-da-gestao-inteligente-e-sustentavel-de-edificios","status":"publish","type":"post","link":"https:\/\/ctactiva.es\/pt-pt\/noticias-_-planon-lidera-a-evolucao-da-gestao-inteligente-e-sustentavel-de-edificios\/","title":{"rendered":"NOT\u00edCIAS _ Planon lidera a evolu\u00e7\u00e3o da gest\u00e3o inteligente e sustent\u00e1vel de edif\u00edcios"},"content":{"rendered":"<p><span data-contrast=\"auto\">Gerir o complexo mundo do <strong>imobili\u00e1rio<\/strong> e das <strong>opera\u00e7\u00f5es de instala\u00e7\u00f5es<\/strong> n\u00e3o \u00e9 tarefa f\u00e1cil, especialmente quando as equipas enfrentam <strong>metas<\/strong> cada vez mais ambiciosas em <strong>poupan\u00e7a de custos<\/strong>, <strong>sustentabilidade<\/strong> e <strong>experi\u00eancia<\/strong> dos ocupantes.<\/span><\/p>\n<p><span data-contrast=\"auto\">Para ajudar as organiza\u00e7\u00f5es a encontrar as <strong>ferramentas adequadas<\/strong> para superar estes desafios, a <strong>Verdantix<\/strong> realizou v\u00e1rios estudos sobre os Sistemas Integrados de Gest\u00e3o do Ambiente de Trabalho (<strong>IWMS<\/strong>, na sigla em ingl\u00eas) e at\u00e9 criou uma nova categoria de software: as Plataformas de Intelig\u00eancia Conectada para Carteiras (<strong>CPIP<\/strong>).<\/span><\/p>\n<p><span data-contrast=\"auto\"><strong>Planon<\/strong> tem liderado esta evolu\u00e7\u00e3o de IWMS para CPIP e, desde 2017, tem sido consistentemente reconhecida como L\u00edder no <strong>Verdantix Green Quadrant para IWMS e CPIP<\/strong>. No relat\u00f3rio de 2025, a Planon obteve a pontua\u00e7\u00e3o mais alta tanto em impulso como em capacidades, superando os concorrentes em \u00e1reas-chave como: <\/span><\/p>\n<p><span data-contrast=\"auto\">&#8211; Sa\u00fade e seguran\u00e7a dos ocupantes<\/span><br \/>\n<span data-contrast=\"auto\">&#8211; Gest\u00e3o de propriedades<\/span><br \/>\n<span data-contrast=\"auto\">&#8211; Gest\u00e3o de espa\u00e7os<\/span><br \/>\n<span data-contrast=\"auto\">&#8211; Servi\u00e7os para espa\u00e7os de trabalho<\/span><br \/>\n<span data-contrast=\"auto\">&#8211; ESG management (gest\u00e3o ambiental, social e de governan\u00e7a)<\/span><\/p>\n<p><span data-contrast=\"auto\">O relat\u00f3rio destaca ainda o investimento cont\u00ednuo da Planon em IA, IoT e ESG como pontos fortes, posicionando a nossa solu\u00e7\u00e3o n\u00e3o s\u00f3 para oferecer benef\u00edcios significativos hoje, mas tamb\u00e9m para se adaptar \u00e0s necessidades futuras, mesmo as mais inesperadas.<\/span><\/p>\n<p>&nbsp;<\/p>\n","protected":false},"excerpt":{"rendered":"<p>Gerir o complexo mundo do imobili\u00e1rio e das opera\u00e7\u00f5es de instala\u00e7\u00f5es n\u00e3o \u00e9 tarefa f\u00e1cil, especialmente quando as equipas enfrentam metas cada vez mais ambiciosas em poupan\u00e7a de custos, sustentabilidade e experi\u00eancia dos ocupantes. Para ajudar as organiza\u00e7\u00f5es a encontrar as ferramentas adequadas para superar estes desafios, a Verdantix realizou v\u00e1rios estudos sobre os Sistemas Integrados de Gest\u00e3o do Ambiente de Trabalho (IWMS, na sigla em ingl\u00eas) e at\u00e9 criou uma nova categoria de software: as Plataformas de Intelig\u00eancia Conectada para Carteiras (CPIP). Planon tem liderado esta evolu\u00e7\u00e3o de IWMS para CPIP e, desde 2017, tem sido consistentemente reconhecida como L\u00edder no Verdantix Green Quadrant para IWMS e CPIP. No relat\u00f3rio de 2025, a Planon obteve a pontua\u00e7\u00e3o mais alta tanto em impulso como em capacidades, superando os concorrentes em \u00e1reas-chave como: &#8211; Sa\u00fade e seguran\u00e7a dos ocupantes &#8211; Gest\u00e3o de propriedades &#8211; Gest\u00e3o de espa\u00e7os &#8211; Servi\u00e7os para espa\u00e7os de trabalho &#8211; ESG management (gest\u00e3o ambiental, social e de governan\u00e7a) O relat\u00f3rio destaca ainda o investimento cont\u00ednuo da Planon em IA, IoT e ESG como pontos fortes, posicionando a nossa solu\u00e7\u00e3o n\u00e3o s\u00f3 para oferecer benef\u00edcios significativos hoje, mas tamb\u00e9m para se adaptar \u00e0s necessidades futuras, mesmo as mais [&hellip;]<\/p>\n","protected":false},"author":1,"featured_media":251877,"comment_status":"closed","ping_status":"closed","sticky":false,"template":"","format":"standard","meta":{"_et_pb_use_builder":"on","_et_pb_old_content":"","_et_gb_content_width":"","inline_featured_image":false,"footnotes":""},"categories":[4,35],"tags":[],"class_list":["post-251876","post","type-post","status-publish","format-standard","has-post-thumbnail","hentry","category-noticias","category-planon-pt-pt"],"yoast_head":"<!-- This site is optimized with the Yoast SEO plugin v27.4 - https:\/\/yoast.com\/product\/yoast-seo-wordpress\/ -->\r\n<title>NOT\u00edCIAS _ Planon lidera a evolu\u00e7\u00e3o da gest\u00e3o inteligente e sustent\u00e1vel de edif\u00edcios - CT Activa<\/title>\r\n<meta name=\"robots\" content=\"index, follow, max-snippet:-1, max-image-preview:large, max-video-preview:-1\" \/>\r\n<link rel=\"canonical\" href=\"https:\/\/ctactiva.es\/pt-pt\/noticias-_-planon-lidera-a-evolucao-da-gestao-inteligente-e-sustentavel-de-edificios\/\" \/>\r\n<meta property=\"og:locale\" content=\"pt_PT\" \/>\r\n<meta property=\"og:type\" content=\"article\" \/>\r\n<meta property=\"og:title\" content=\"NOT\u00edCIAS _ Planon lidera a evolu\u00e7\u00e3o da gest\u00e3o inteligente e sustent\u00e1vel de edif\u00edcios - CT Activa\" \/>\r\n<meta property=\"og:description\" content=\"Gerir o complexo mundo do imobili\u00e1rio e das opera\u00e7\u00f5es de instala\u00e7\u00f5es n\u00e3o \u00e9 tarefa f\u00e1cil, especialmente quando as equipas enfrentam metas cada vez mais ambiciosas em poupan\u00e7a de custos, sustentabilidade e experi\u00eancia dos ocupantes. Para ajudar as organiza\u00e7\u00f5es a encontrar as ferramentas adequadas para superar estes desafios, a Verdantix realizou v\u00e1rios estudos sobre os Sistemas Integrados de Gest\u00e3o do Ambiente de Trabalho (IWMS, na sigla em ingl\u00eas) e at\u00e9 criou uma nova categoria de software: as Plataformas de Intelig\u00eancia Conectada para Carteiras (CPIP). Planon tem liderado esta evolu\u00e7\u00e3o de IWMS para CPIP e, desde 2017, tem sido consistentemente reconhecida como L\u00edder no Verdantix Green Quadrant para IWMS e CPIP. No relat\u00f3rio de 2025, a Planon obteve a pontua\u00e7\u00e3o mais alta tanto em impulso como em capacidades, superando os concorrentes em \u00e1reas-chave como: - Sa\u00fade e seguran\u00e7a dos ocupantes - Gest\u00e3o de propriedades - Gest\u00e3o de espa\u00e7os - Servi\u00e7os para espa\u00e7os de trabalho - ESG management (gest\u00e3o ambiental, social e de governan\u00e7a) O relat\u00f3rio destaca ainda o investimento cont\u00ednuo da Planon em IA, IoT e ESG como pontos fortes, posicionando a nossa solu\u00e7\u00e3o n\u00e3o s\u00f3 para oferecer benef\u00edcios significativos hoje, mas tamb\u00e9m para se adaptar \u00e0s necessidades futuras, mesmo as mais [&hellip;]\" \/>\r\n<meta property=\"og:url\" content=\"https:\/\/ctactiva.es\/pt-pt\/noticias-_-planon-lidera-a-evolucao-da-gestao-inteligente-e-sustentavel-de-edificios\/\" \/>\r\n<meta property=\"og:site_name\" content=\"CT Activa\" \/>\r\n<meta property=\"article:published_time\" content=\"2025-01-14T08:00:15+00:00\" \/>\r\n<meta property=\"article:modified_time\" content=\"2025-04-11T08:34:07+00:00\" \/>\r\n<meta property=\"og:image\" content=\"https:\/\/ctactiva.es\/wp-content\/uploads\/2025\/01\/planon-verdantix-2025-1.jpg\" \/>\r\n\t<meta property=\"og:image:width\" content=\"1080\" \/>\r\n\t<meta property=\"og:image:height\" content=\"675\" \/>\r\n\t<meta property=\"og:image:type\" content=\"image\/jpeg\" \/>\r\n<meta name=\"author\" content=\"CT Activa\" \/>\r\n<meta name=\"twitter:card\" content=\"summary_large_image\" \/>\r\n<meta name=\"twitter:label1\" content=\"Escrito por\" \/>\n\t<meta name=\"twitter:data1\" content=\"CT Activa\" \/>\n\t<meta name=\"twitter:label2\" content=\"Tempo estimado de leitura\" \/>\n\t<meta name=\"twitter:data2\" content=\"2 minutos\" \/>\r\n<script type=\"application\/ld+json\" class=\"yoast-schema-graph\">{\"@context\":\"https:\\\/\\\/schema.org\",\"@graph\":[{\"@type\":\"Article\",\"@id\":\"https:\\\/\\\/ctactiva.es\\\/pt-pt\\\/noticias-_-planon-lidera-a-evolucao-da-gestao-inteligente-e-sustentavel-de-edificios\\\/#article\",\"isPartOf\":{\"@id\":\"https:\\\/\\\/ctactiva.es\\\/pt-pt\\\/noticias-_-planon-lidera-a-evolucao-da-gestao-inteligente-e-sustentavel-de-edificios\\\/\"},\"author\":{\"name\":\"CT Activa\",\"@id\":\"https:\\\/\\\/ctactiva.es\\\/pt-pt\\\/#\\\/schema\\\/person\\\/57db34b7140a11795f8c50fd0b667068\"},\"headline\":\"NOT\u00edCIAS _ Planon lidera a evolu\u00e7\u00e3o da gest\u00e3o inteligente e sustent\u00e1vel de edif\u00edcios\",\"datePublished\":\"2025-01-14T08:00:15+00:00\",\"dateModified\":\"2025-04-11T08:34:07+00:00\",\"mainEntityOfPage\":{\"@id\":\"https:\\\/\\\/ctactiva.es\\\/pt-pt\\\/noticias-_-planon-lidera-a-evolucao-da-gestao-inteligente-e-sustentavel-de-edificios\\\/\"},\"wordCount\":247,\"publisher\":{\"@id\":\"https:\\\/\\\/ctactiva.es\\\/pt-pt\\\/#organization\"},\"image\":{\"@id\":\"https:\\\/\\\/ctactiva.es\\\/pt-pt\\\/noticias-_-planon-lidera-a-evolucao-da-gestao-inteligente-e-sustentavel-de-edificios\\\/#primaryimage\"},\"thumbnailUrl\":\"https:\\\/\\\/ctactiva.es\\\/wp-content\\\/uploads\\\/2025\\\/01\\\/planon-verdantix-2025-1.jpg\",\"articleSection\":[\"Not\u00edcias\",\"Planon\"],\"inLanguage\":\"pt-PT\"},{\"@type\":\"WebPage\",\"@id\":\"https:\\\/\\\/ctactiva.es\\\/pt-pt\\\/noticias-_-planon-lidera-a-evolucao-da-gestao-inteligente-e-sustentavel-de-edificios\\\/\",\"url\":\"https:\\\/\\\/ctactiva.es\\\/pt-pt\\\/noticias-_-planon-lidera-a-evolucao-da-gestao-inteligente-e-sustentavel-de-edificios\\\/\",\"name\":\"NOT\u00edCIAS _ Planon lidera a evolu\u00e7\u00e3o da gest\u00e3o inteligente e sustent\u00e1vel de edif\u00edcios - CT Activa\",\"isPartOf\":{\"@id\":\"https:\\\/\\\/ctactiva.es\\\/pt-pt\\\/#website\"},\"primaryImageOfPage\":{\"@id\":\"https:\\\/\\\/ctactiva.es\\\/pt-pt\\\/noticias-_-planon-lidera-a-evolucao-da-gestao-inteligente-e-sustentavel-de-edificios\\\/#primaryimage\"},\"image\":{\"@id\":\"https:\\\/\\\/ctactiva.es\\\/pt-pt\\\/noticias-_-planon-lidera-a-evolucao-da-gestao-inteligente-e-sustentavel-de-edificios\\\/#primaryimage\"},\"thumbnailUrl\":\"https:\\\/\\\/ctactiva.es\\\/wp-content\\\/uploads\\\/2025\\\/01\\\/planon-verdantix-2025-1.jpg\",\"datePublished\":\"2025-01-14T08:00:15+00:00\",\"dateModified\":\"2025-04-11T08:34:07+00:00\",\"breadcrumb\":{\"@id\":\"https:\\\/\\\/ctactiva.es\\\/pt-pt\\\/noticias-_-planon-lidera-a-evolucao-da-gestao-inteligente-e-sustentavel-de-edificios\\\/#breadcrumb\"},\"inLanguage\":\"pt-PT\",\"potentialAction\":[{\"@type\":\"ReadAction\",\"target\":[\"https:\\\/\\\/ctactiva.es\\\/pt-pt\\\/noticias-_-planon-lidera-a-evolucao-da-gestao-inteligente-e-sustentavel-de-edificios\\\/\"]}]},{\"@type\":\"ImageObject\",\"inLanguage\":\"pt-PT\",\"@id\":\"https:\\\/\\\/ctactiva.es\\\/pt-pt\\\/noticias-_-planon-lidera-a-evolucao-da-gestao-inteligente-e-sustentavel-de-edificios\\\/#primaryimage\",\"url\":\"https:\\\/\\\/ctactiva.es\\\/wp-content\\\/uploads\\\/2025\\\/01\\\/planon-verdantix-2025-1.jpg\",\"contentUrl\":\"https:\\\/\\\/ctactiva.es\\\/wp-content\\\/uploads\\\/2025\\\/01\\\/planon-verdantix-2025-1.jpg\",\"width\":1080,\"height\":675},{\"@type\":\"BreadcrumbList\",\"@id\":\"https:\\\/\\\/ctactiva.es\\\/pt-pt\\\/noticias-_-planon-lidera-a-evolucao-da-gestao-inteligente-e-sustentavel-de-edificios\\\/#breadcrumb\",\"itemListElement\":[{\"@type\":\"ListItem\",\"position\":1,\"name\":\"Portada\",\"item\":\"https:\\\/\\\/ctactiva.es\\\/pt-pt\\\/\"},{\"@type\":\"ListItem\",\"position\":2,\"name\":\"NOT\u00edCIAS _ Planon lidera a evolu\u00e7\u00e3o da gest\u00e3o inteligente e sustent\u00e1vel de edif\u00edcios\"}]},{\"@type\":\"WebSite\",\"@id\":\"https:\\\/\\\/ctactiva.es\\\/pt-pt\\\/#website\",\"url\":\"https:\\\/\\\/ctactiva.es\\\/pt-pt\\\/\",\"name\":\"CT Activa\",\"description\":\"L\u00edderes en la gesti\u00f3n de activos inmobiliarios e industriales\",\"publisher\":{\"@id\":\"https:\\\/\\\/ctactiva.es\\\/pt-pt\\\/#organization\"},\"alternateName\":\"CT Activa\",\"potentialAction\":[{\"@type\":\"SearchAction\",\"target\":{\"@type\":\"EntryPoint\",\"urlTemplate\":\"https:\\\/\\\/ctactiva.es\\\/pt-pt\\\/?s={search_term_string}\"},\"query-input\":{\"@type\":\"PropertyValueSpecification\",\"valueRequired\":true,\"valueName\":\"search_term_string\"}}],\"inLanguage\":\"pt-PT\"},{\"@type\":\"Organization\",\"@id\":\"https:\\\/\\\/ctactiva.es\\\/pt-pt\\\/#organization\",\"name\":\"CT Activa\",\"url\":\"https:\\\/\\\/ctactiva.es\\\/pt-pt\\\/\",\"logo\":{\"@type\":\"ImageObject\",\"inLanguage\":\"pt-PT\",\"@id\":\"https:\\\/\\\/ctactiva.es\\\/pt-pt\\\/#\\\/schema\\\/logo\\\/image\\\/\",\"url\":\"https:\\\/\\\/ctactiva.es\\\/wp-content\\\/uploads\\\/2023\\\/12\\\/Logo-Activa-positive-version.svg\",\"contentUrl\":\"https:\\\/\\\/ctactiva.es\\\/wp-content\\\/uploads\\\/2023\\\/12\\\/Logo-Activa-positive-version.svg\",\"width\":1,\"height\":1,\"caption\":\"CT Activa\"},\"image\":{\"@id\":\"https:\\\/\\\/ctactiva.es\\\/pt-pt\\\/#\\\/schema\\\/logo\\\/image\\\/\"},\"sameAs\":[\"https:\\\/\\\/www.linkedin.com\\\/company\\\/ctactiva\\\/\"]},{\"@type\":\"Person\",\"@id\":\"https:\\\/\\\/ctactiva.es\\\/pt-pt\\\/#\\\/schema\\\/person\\\/57db34b7140a11795f8c50fd0b667068\",\"name\":\"CT Activa\",\"image\":{\"@type\":\"ImageObject\",\"inLanguage\":\"pt-PT\",\"@id\":\"https:\\\/\\\/secure.gravatar.com\\\/avatar\\\/76b573f898953a7766c6aed1d199657a138ec85e2f60d71ff92c5cb68edbbcf9?s=96&d=mm&r=g\",\"url\":\"https:\\\/\\\/secure.gravatar.com\\\/avatar\\\/76b573f898953a7766c6aed1d199657a138ec85e2f60d71ff92c5cb68edbbcf9?s=96&d=mm&r=g\",\"contentUrl\":\"https:\\\/\\\/secure.gravatar.com\\\/avatar\\\/76b573f898953a7766c6aed1d199657a138ec85e2f60d71ff92c5cb68edbbcf9?s=96&d=mm&r=g\",\"caption\":\"CT Activa\"},\"sameAs\":[\"https:\\\/\\\/ctactiva.es\"],\"url\":\"https:\\\/\\\/ctactiva.es\\\/pt-pt\\\/author\\\/admctactiva\\\/\"}]}<\/script>\r\n<!-- \/ Yoast SEO plugin. -->","yoast_head_json":{"title":"NOT\u00edCIAS _ Planon lidera a evolu\u00e7\u00e3o da gest\u00e3o inteligente e sustent\u00e1vel de edif\u00edcios - CT Activa","robots":{"index":"index","follow":"follow","max-snippet":"max-snippet:-1","max-image-preview":"max-image-preview:large","max-video-preview":"max-video-preview:-1"},"canonical":"https:\/\/ctactiva.es\/pt-pt\/noticias-_-planon-lidera-a-evolucao-da-gestao-inteligente-e-sustentavel-de-edificios\/","og_locale":"pt_PT","og_type":"article","og_title":"NOT\u00edCIAS _ Planon lidera a evolu\u00e7\u00e3o da gest\u00e3o inteligente e sustent\u00e1vel de edif\u00edcios - CT Activa","og_description":"Gerir o complexo mundo do imobili\u00e1rio e das opera\u00e7\u00f5es de instala\u00e7\u00f5es n\u00e3o \u00e9 tarefa f\u00e1cil, especialmente quando as equipas enfrentam metas cada vez mais ambiciosas em poupan\u00e7a de custos, sustentabilidade e experi\u00eancia dos ocupantes. Para ajudar as organiza\u00e7\u00f5es a encontrar as ferramentas adequadas para superar estes desafios, a Verdantix realizou v\u00e1rios estudos sobre os Sistemas Integrados de Gest\u00e3o do Ambiente de Trabalho (IWMS, na sigla em ingl\u00eas) e at\u00e9 criou uma nova categoria de software: as Plataformas de Intelig\u00eancia Conectada para Carteiras (CPIP). Planon tem liderado esta evolu\u00e7\u00e3o de IWMS para CPIP e, desde 2017, tem sido consistentemente reconhecida como L\u00edder no Verdantix Green Quadrant para IWMS e CPIP. No relat\u00f3rio de 2025, a Planon obteve a pontua\u00e7\u00e3o mais alta tanto em impulso como em capacidades, superando os concorrentes em \u00e1reas-chave como: - Sa\u00fade e seguran\u00e7a dos ocupantes - Gest\u00e3o de propriedades - Gest\u00e3o de espa\u00e7os - Servi\u00e7os para espa\u00e7os de trabalho - ESG management (gest\u00e3o ambiental, social e de governan\u00e7a) O relat\u00f3rio destaca ainda o investimento cont\u00ednuo da Planon em IA, IoT e ESG como pontos fortes, posicionando a nossa solu\u00e7\u00e3o n\u00e3o s\u00f3 para oferecer benef\u00edcios significativos hoje, mas tamb\u00e9m para se adaptar \u00e0s necessidades futuras, mesmo as mais [&hellip;]","og_url":"https:\/\/ctactiva.es\/pt-pt\/noticias-_-planon-lidera-a-evolucao-da-gestao-inteligente-e-sustentavel-de-edificios\/","og_site_name":"CT Activa","article_published_time":"2025-01-14T08:00:15+00:00","article_modified_time":"2025-04-11T08:34:07+00:00","og_image":[{"width":1080,"height":675,"url":"https:\/\/ctactiva.es\/wp-content\/uploads\/2025\/01\/planon-verdantix-2025-1.jpg","type":"image\/jpeg"}],"author":"CT Activa","twitter_card":"summary_large_image","twitter_misc":{"Escrito por":"CT Activa","Tempo estimado de leitura":"2 minutos"},"schema":{"@context":"https:\/\/schema.org","@graph":[{"@type":"Article","@id":"https:\/\/ctactiva.es\/pt-pt\/noticias-_-planon-lidera-a-evolucao-da-gestao-inteligente-e-sustentavel-de-edificios\/#article","isPartOf":{"@id":"https:\/\/ctactiva.es\/pt-pt\/noticias-_-planon-lidera-a-evolucao-da-gestao-inteligente-e-sustentavel-de-edificios\/"},"author":{"name":"CT Activa","@id":"https:\/\/ctactiva.es\/pt-pt\/#\/schema\/person\/57db34b7140a11795f8c50fd0b667068"},"headline":"NOT\u00edCIAS _ Planon lidera a evolu\u00e7\u00e3o da gest\u00e3o inteligente e sustent\u00e1vel de edif\u00edcios","datePublished":"2025-01-14T08:00:15+00:00","dateModified":"2025-04-11T08:34:07+00:00","mainEntityOfPage":{"@id":"https:\/\/ctactiva.es\/pt-pt\/noticias-_-planon-lidera-a-evolucao-da-gestao-inteligente-e-sustentavel-de-edificios\/"},"wordCount":247,"publisher":{"@id":"https:\/\/ctactiva.es\/pt-pt\/#organization"},"image":{"@id":"https:\/\/ctactiva.es\/pt-pt\/noticias-_-planon-lidera-a-evolucao-da-gestao-inteligente-e-sustentavel-de-edificios\/#primaryimage"},"thumbnailUrl":"https:\/\/ctactiva.es\/wp-content\/uploads\/2025\/01\/planon-verdantix-2025-1.jpg","articleSection":["Not\u00edcias","Planon"],"inLanguage":"pt-PT"},{"@type":"WebPage","@id":"https:\/\/ctactiva.es\/pt-pt\/noticias-_-planon-lidera-a-evolucao-da-gestao-inteligente-e-sustentavel-de-edificios\/","url":"https:\/\/ctactiva.es\/pt-pt\/noticias-_-planon-lidera-a-evolucao-da-gestao-inteligente-e-sustentavel-de-edificios\/","name":"NOT\u00edCIAS _ Planon lidera a evolu\u00e7\u00e3o da gest\u00e3o inteligente e sustent\u00e1vel de edif\u00edcios - CT Activa","isPartOf":{"@id":"https:\/\/ctactiva.es\/pt-pt\/#website"},"primaryImageOfPage":{"@id":"https:\/\/ctactiva.es\/pt-pt\/noticias-_-planon-lidera-a-evolucao-da-gestao-inteligente-e-sustentavel-de-edificios\/#primaryimage"},"image":{"@id":"https:\/\/ctactiva.es\/pt-pt\/noticias-_-planon-lidera-a-evolucao-da-gestao-inteligente-e-sustentavel-de-edificios\/#primaryimage"},"thumbnailUrl":"https:\/\/ctactiva.es\/wp-content\/uploads\/2025\/01\/planon-verdantix-2025-1.jpg","datePublished":"2025-01-14T08:00:15+00:00","dateModified":"2025-04-11T08:34:07+00:00","breadcrumb":{"@id":"https:\/\/ctactiva.es\/pt-pt\/noticias-_-planon-lidera-a-evolucao-da-gestao-inteligente-e-sustentavel-de-edificios\/#breadcrumb"},"inLanguage":"pt-PT","potentialAction":[{"@type":"ReadAction","target":["https:\/\/ctactiva.es\/pt-pt\/noticias-_-planon-lidera-a-evolucao-da-gestao-inteligente-e-sustentavel-de-edificios\/"]}]},{"@type":"ImageObject","inLanguage":"pt-PT","@id":"https:\/\/ctactiva.es\/pt-pt\/noticias-_-planon-lidera-a-evolucao-da-gestao-inteligente-e-sustentavel-de-edificios\/#primaryimage","url":"https:\/\/ctactiva.es\/wp-content\/uploads\/2025\/01\/planon-verdantix-2025-1.jpg","contentUrl":"https:\/\/ctactiva.es\/wp-content\/uploads\/2025\/01\/planon-verdantix-2025-1.jpg","width":1080,"height":675},{"@type":"BreadcrumbList","@id":"https:\/\/ctactiva.es\/pt-pt\/noticias-_-planon-lidera-a-evolucao-da-gestao-inteligente-e-sustentavel-de-edificios\/#breadcrumb","itemListElement":[{"@type":"ListItem","position":1,"name":"Portada","item":"https:\/\/ctactiva.es\/pt-pt\/"},{"@type":"ListItem","position":2,"name":"NOT\u00edCIAS _ Planon lidera a evolu\u00e7\u00e3o da gest\u00e3o inteligente e sustent\u00e1vel de edif\u00edcios"}]},{"@type":"WebSite","@id":"https:\/\/ctactiva.es\/pt-pt\/#website","url":"https:\/\/ctactiva.es\/pt-pt\/","name":"CT Activa","description":"L\u00edderes en la gesti\u00f3n de activos inmobiliarios e industriales","publisher":{"@id":"https:\/\/ctactiva.es\/pt-pt\/#organization"},"alternateName":"CT Activa","potentialAction":[{"@type":"SearchAction","target":{"@type":"EntryPoint","urlTemplate":"https:\/\/ctactiva.es\/pt-pt\/?s={search_term_string}"},"query-input":{"@type":"PropertyValueSpecification","valueRequired":true,"valueName":"search_term_string"}}],"inLanguage":"pt-PT"},{"@type":"Organization","@id":"https:\/\/ctactiva.es\/pt-pt\/#organization","name":"CT Activa","url":"https:\/\/ctactiva.es\/pt-pt\/","logo":{"@type":"ImageObject","inLanguage":"pt-PT","@id":"https:\/\/ctactiva.es\/pt-pt\/#\/schema\/logo\/image\/","url":"https:\/\/ctactiva.es\/wp-content\/uploads\/2023\/12\/Logo-Activa-positive-version.svg","contentUrl":"https:\/\/ctactiva.es\/wp-content\/uploads\/2023\/12\/Logo-Activa-positive-version.svg","width":1,"height":1,"caption":"CT Activa"},"image":{"@id":"https:\/\/ctactiva.es\/pt-pt\/#\/schema\/logo\/image\/"},"sameAs":["https:\/\/www.linkedin.com\/company\/ctactiva\/"]},{"@type":"Person","@id":"https:\/\/ctactiva.es\/pt-pt\/#\/schema\/person\/57db34b7140a11795f8c50fd0b667068","name":"CT Activa","image":{"@type":"ImageObject","inLanguage":"pt-PT","@id":"https:\/\/secure.gravatar.com\/avatar\/76b573f898953a7766c6aed1d199657a138ec85e2f60d71ff92c5cb68edbbcf9?s=96&d=mm&r=g","url":"https:\/\/secure.gravatar.com\/avatar\/76b573f898953a7766c6aed1d199657a138ec85e2f60d71ff92c5cb68edbbcf9?s=96&d=mm&r=g","contentUrl":"https:\/\/secure.gravatar.com\/avatar\/76b573f898953a7766c6aed1d199657a138ec85e2f60d71ff92c5cb68edbbcf9?s=96&d=mm&r=g","caption":"CT Activa"},"sameAs":["https:\/\/ctactiva.es"],"url":"https:\/\/ctactiva.es\/pt-pt\/author\/admctactiva\/"}]}},"_links":{"self":[{"href":"https:\/\/ctactiva.es\/pt-pt\/wp-json\/wp\/v2\/posts\/251876","targetHints":{"allow":["GET"]}}],"collection":[{"href":"https:\/\/ctactiva.es\/pt-pt\/wp-json\/wp\/v2\/posts"}],"about":[{"href":"https:\/\/ctactiva.es\/pt-pt\/wp-json\/wp\/v2\/types\/post"}],"author":[{"embeddable":true,"href":"https:\/\/ctactiva.es\/pt-pt\/wp-json\/wp\/v2\/users\/1"}],"replies":[{"embeddable":true,"href":"https:\/\/ctactiva.es\/pt-pt\/wp-json\/wp\/v2\/comments?post=251876"}],"version-history":[{"count":0,"href":"https:\/\/ctactiva.es\/pt-pt\/wp-json\/wp\/v2\/posts\/251876\/revisions"}],"wp:featuredmedia":[{"embeddable":true,"href":"https:\/\/ctactiva.es\/pt-pt\/wp-json\/wp\/v2\/media\/251877"}],"wp:attachment":[{"href":"https:\/\/ctactiva.es\/pt-pt\/wp-json\/wp\/v2\/media?parent=251876"}],"wp:term":[{"taxonomy":"category","embeddable":true,"href":"https:\/\/ctactiva.es\/pt-pt\/wp-json\/wp\/v2\/categories?post=251876"},{"taxonomy":"post_tag","embeddable":true,"href":"https:\/\/ctactiva.es\/pt-pt\/wp-json\/wp\/v2\/tags?post=251876"}],"curies":[{"name":"wp","href":"https:\/\/api.w.org\/{rel}","templated":true}]}}